{"id":2523,"date":"2025-04-08T14:55:26","date_gmt":"2025-04-08T17:55:26","guid":{"rendered":"https:\/\/camaraitaliana.com.br\/?p=2523"},"modified":"2025-04-08T16:40:52","modified_gmt":"2025-04-08T19:40:52","slug":"omaggio-a-jean-guagni-dei-marcovaldi-1925-2025","status":"publish","type":"post","link":"https:\/\/camaraitaliana.com.br\/it\/omaggio-a-jean-guagni-dei-marcovaldi-1925-2025\/","title":{"rendered":"Omaggio a Jean Guagni Dei Marcovaldi (1925 \u2013 2025)"},"content":{"rendered":"\n<style type=\"text\/css\" data-created_by=\"avia_inline_auto\" id=\"style-css-av-m98stxaf-05869b34edabd64a8df796954fab525b\">\n.avia-image-container.av-m98stxaf-05869b34edabd64a8df796954fab525b img.avia_image{\nbox-shadow:none;\n}\n.avia-image-container.av-m98stxaf-05869b34edabd64a8df796954fab525b .av-image-caption-overlay-center{\ncolor:#ffffff;\n}\n<\/style>\n<div  class='avia-image-container av-m98stxaf-05869b34edabd64a8df796954fab525b av-styling- avia-align-center  avia-builder-el-0  el_before_av_gallery  avia-builder-el-first '   itemprop=\"image\" itemscope=\"itemscope\" itemtype=\"https:\/\/schema.org\/ImageObject\" ><div class=\"avia-image-container-inner\"><div class=\"avia-image-overlay-wrap\"><img decoding=\"async\" fetchpriority=\"high\" class='wp-image-2521 avia-img-lazy-loading-not-2521 avia_image ' src=\"https:\/\/camaraitaliana.com.br\/wp-content\/uploads\/2025\/04\/WhatsApp-Image-2025-04-06-at-12.36.43-scaled.jpeg\" alt='' title='WhatsApp Image 2025-04-06 at 12.36.43'  height=\"1920\" width=\"2560\"  itemprop=\"thumbnailUrl\" srcset=\"https:\/\/camaraitaliana.com.br\/wp-content\/uploads\/2025\/04\/WhatsApp-Image-2025-04-06-at-12.36.43-scaled.jpeg 2560w, https:\/\/camaraitaliana.com.br\/wp-content\/uploads\/2025\/04\/WhatsApp-Image-2025-04-06-at-12.36.43-300x225.jpeg 300w, https:\/\/camaraitaliana.com.br\/wp-content\/uploads\/2025\/04\/WhatsApp-Image-2025-04-06-at-12.36.43-1030x773.jpeg 1030w, https:\/\/camaraitaliana.com.br\/wp-content\/uploads\/2025\/04\/WhatsApp-Image-2025-04-06-at-12.36.43-768x576.jpeg 768w, https:\/\/camaraitaliana.com.br\/wp-content\/uploads\/2025\/04\/WhatsApp-Image-2025-04-06-at-12.36.43-1536x1152.jpeg 1536w, https:\/\/camaraitaliana.com.br\/wp-content\/uploads\/2025\/04\/WhatsApp-Image-2025-04-06-at-12.36.43-2048x1536.jpeg 2048w, https:\/\/camaraitaliana.com.br\/wp-content\/uploads\/2025\/04\/WhatsApp-Image-2025-04-06-at-12.36.43-1500x1125.jpeg 1500w, https:\/\/camaraitaliana.com.br\/wp-content\/uploads\/2025\/04\/WhatsApp-Image-2025-04-06-at-12.36.43-705x529.jpeg 705w\" sizes=\"(max-width: 2560px) 100vw, 2560px\" \/><\/div><\/div><\/div>\n\n<style type=\"text\/css\" data-created_by=\"avia_inline_auto\" id=\"style-css-av-m98suff2-2cb602290bd09ee5daca403ccf4afe51\">\n#top .avia-gallery.av-m98suff2-2cb602290bd09ee5daca403ccf4afe51 .avia-gallery-thumb a{\nwidth:20%;\n}\n<\/style>\n<div  class='avia-gallery av-m98suff2-2cb602290bd09ee5daca403ccf4afe51 avia_animate_when_visible  avia-builder-el-1  el_after_av_image  el_before_av_hr  avia_lazyload avia-gallery-animate avia-gallery-1'  itemprop=\"image\" itemscope=\"itemscope\" itemtype=\"https:\/\/schema.org\/ImageObject\" ><meta itemprop=\"contentURL\" content=\"https:\/\/camaraitaliana.com.br\/it\/omaggio-a-jean-guagni-dei-marcovaldi-1925-2025\/\"><div class='avia-gallery-thumb'><a href=\"https:\/\/camaraitaliana.com.br\/wp-content\/uploads\/2025\/04\/WhatsApp-Image-2025-04-06-at-12.36.43-1-773x1030.jpeg\" data-srcset=\"https:\/\/camaraitaliana.com.br\/wp-content\/uploads\/2025\/04\/WhatsApp-Image-2025-04-06-at-12.36.43-1-773x1030.jpeg 773w, https:\/\/camaraitaliana.com.br\/wp-content\/uploads\/2025\/04\/WhatsApp-Image-2025-04-06-at-12.36.43-1-225x300.jpeg 225w, https:\/\/camaraitaliana.com.br\/wp-content\/uploads\/2025\/04\/WhatsApp-Image-2025-04-06-at-12.36.43-1-768x1024.jpeg 768w, https:\/\/camaraitaliana.com.br\/wp-content\/uploads\/2025\/04\/WhatsApp-Image-2025-04-06-at-12.36.43-1-1152x1536.jpeg 1152w, https:\/\/camaraitaliana.com.br\/wp-content\/uploads\/2025\/04\/WhatsApp-Image-2025-04-06-at-12.36.43-1-1536x2048.jpeg 1536w, https:\/\/camaraitaliana.com.br\/wp-content\/uploads\/2025\/04\/WhatsApp-Image-2025-04-06-at-12.36.43-1-1125x1500.jpeg 1125w, https:\/\/camaraitaliana.com.br\/wp-content\/uploads\/2025\/04\/WhatsApp-Image-2025-04-06-at-12.36.43-1-529x705.jpeg 529w, https:\/\/camaraitaliana.com.br\/wp-content\/uploads\/2025\/04\/WhatsApp-Image-2025-04-06-at-12.36.43-1-scaled.jpeg 1920w\" data-sizes=\"(max-width: 773px) 100vw, 773px\" data-rel='gallery-1' data-prev-img='https:\/\/camaraitaliana.com.br\/wp-content\/uploads\/2025\/04\/WhatsApp-Image-2025-04-06-at-12.36.43-1-495x400.jpeg' class='first_thumb lightbox ' data-onclick='1' title='WhatsApp Image 2025-04-06 at 12.36.43 (1)'  itemprop=\"thumbnailUrl\"  ><img decoding=\"async\" fetchpriority=\"high\" class=\"wp-image-2519 avia-img-lazy-loading-not-2519\"   src=\"https:\/\/camaraitaliana.com.br\/wp-content\/uploads\/2025\/04\/WhatsApp-Image-2025-04-06-at-12.36.43-1-495x400.jpeg\" width=\"495\" height=\"400\"  title='WhatsApp Image 2025-04-06 at 12.36.43 (1)' alt='' srcset=\"https:\/\/camaraitaliana.com.br\/wp-content\/uploads\/2025\/04\/WhatsApp-Image-2025-04-06-at-12.36.43-1-495x400.jpeg 495w, https:\/\/camaraitaliana.com.br\/wp-content\/uploads\/2025\/04\/WhatsApp-Image-2025-04-06-at-12.36.43-1-845x684.jpeg 845w\" sizes=\"(max-width: 495px) 100vw, 495px\" \/><div class='big-prev-fake'><img decoding=\"async\" loading=\"lazy\" class=\"wp-image-2519 avia-img-lazy-loading-2519\"  width=\"495\" height=\"400\" src=\"https:\/\/camaraitaliana.com.br\/wp-content\/uploads\/2025\/04\/WhatsApp-Image-2025-04-06-at-12.36.43-1-495x400.jpeg\" title='WhatsApp Image 2025-04-06 at 12.36.43 (1)' alt='' srcset=\"https:\/\/camaraitaliana.com.br\/wp-content\/uploads\/2025\/04\/WhatsApp-Image-2025-04-06-at-12.36.43-1-495x400.jpeg 495w, https:\/\/camaraitaliana.com.br\/wp-content\/uploads\/2025\/04\/WhatsApp-Image-2025-04-06-at-12.36.43-1-845x684.jpeg 845w\" sizes=\"auto, (max-width: 495px) 100vw, 495px\" \/><\/div><\/a><a href=\"https:\/\/camaraitaliana.com.br\/wp-content\/uploads\/2025\/04\/WhatsApp-Image-2025-04-06-at-12.36.43-2-773x1030.jpeg\" data-srcset=\"https:\/\/camaraitaliana.com.br\/wp-content\/uploads\/2025\/04\/WhatsApp-Image-2025-04-06-at-12.36.43-2-773x1030.jpeg 773w, https:\/\/camaraitaliana.com.br\/wp-content\/uploads\/2025\/04\/WhatsApp-Image-2025-04-06-at-12.36.43-2-225x300.jpeg 225w, https:\/\/camaraitaliana.com.br\/wp-content\/uploads\/2025\/04\/WhatsApp-Image-2025-04-06-at-12.36.43-2-768x1024.jpeg 768w, https:\/\/camaraitaliana.com.br\/wp-content\/uploads\/2025\/04\/WhatsApp-Image-2025-04-06-at-12.36.43-2-1152x1536.jpeg 1152w, https:\/\/camaraitaliana.com.br\/wp-content\/uploads\/2025\/04\/WhatsApp-Image-2025-04-06-at-12.36.43-2-1536x2048.jpeg 1536w, https:\/\/camaraitaliana.com.br\/wp-content\/uploads\/2025\/04\/WhatsApp-Image-2025-04-06-at-12.36.43-2-1125x1500.jpeg 1125w, https:\/\/camaraitaliana.com.br\/wp-content\/uploads\/2025\/04\/WhatsApp-Image-2025-04-06-at-12.36.43-2-529x705.jpeg 529w, https:\/\/camaraitaliana.com.br\/wp-content\/uploads\/2025\/04\/WhatsApp-Image-2025-04-06-at-12.36.43-2-scaled.jpeg 1920w\" data-sizes=\"(max-width: 773px) 100vw, 773px\" data-rel='gallery-1' data-prev-img='https:\/\/camaraitaliana.com.br\/wp-content\/uploads\/2025\/04\/WhatsApp-Image-2025-04-06-at-12.36.43-2-495x400.jpeg' class='lightbox ' data-onclick='2' title='WhatsApp Image 2025-04-06 at 12.36.43 (2)'  itemprop=\"thumbnailUrl\"  ><img decoding=\"async\" fetchpriority=\"high\" class=\"wp-image-2517 avia-img-lazy-loading-not-2517\"   src=\"https:\/\/camaraitaliana.com.br\/wp-content\/uploads\/2025\/04\/WhatsApp-Image-2025-04-06-at-12.36.43-2-495x400.jpeg\" width=\"495\" height=\"400\"  title='WhatsApp Image 2025-04-06 at 12.36.43 (2)' alt='' srcset=\"https:\/\/camaraitaliana.com.br\/wp-content\/uploads\/2025\/04\/WhatsApp-Image-2025-04-06-at-12.36.43-2-495x400.jpeg 495w, https:\/\/camaraitaliana.com.br\/wp-content\/uploads\/2025\/04\/WhatsApp-Image-2025-04-06-at-12.36.43-2-845x684.jpeg 845w\" sizes=\"(max-width: 495px) 100vw, 495px\" \/><div class='big-prev-fake'><img decoding=\"async\" loading=\"lazy\" class=\"wp-image-2517 avia-img-lazy-loading-2517\"  width=\"495\" height=\"400\" src=\"https:\/\/camaraitaliana.com.br\/wp-content\/uploads\/2025\/04\/WhatsApp-Image-2025-04-06-at-12.36.43-2-495x400.jpeg\" title='WhatsApp Image 2025-04-06 at 12.36.43 (2)' alt='' srcset=\"https:\/\/camaraitaliana.com.br\/wp-content\/uploads\/2025\/04\/WhatsApp-Image-2025-04-06-at-12.36.43-2-495x400.jpeg 495w, https:\/\/camaraitaliana.com.br\/wp-content\/uploads\/2025\/04\/WhatsApp-Image-2025-04-06-at-12.36.43-2-845x684.jpeg 845w\" sizes=\"auto, (max-width: 495px) 100vw, 495px\" \/><\/div><\/a><a href=\"https:\/\/camaraitaliana.com.br\/wp-content\/uploads\/2025\/04\/WhatsApp-Image-2025-04-06-at-12.36.43-3-1030x579.jpeg\" data-srcset=\"https:\/\/camaraitaliana.com.br\/wp-content\/uploads\/2025\/04\/WhatsApp-Image-2025-04-06-at-12.36.43-3-1030x579.jpeg 1030w, https:\/\/camaraitaliana.com.br\/wp-content\/uploads\/2025\/04\/WhatsApp-Image-2025-04-06-at-12.36.43-3-300x169.jpeg 300w, https:\/\/camaraitaliana.com.br\/wp-content\/uploads\/2025\/04\/WhatsApp-Image-2025-04-06-at-12.36.43-3-768x432.jpeg 768w, https:\/\/camaraitaliana.com.br\/wp-content\/uploads\/2025\/04\/WhatsApp-Image-2025-04-06-at-12.36.43-3-1536x864.jpeg 1536w, https:\/\/camaraitaliana.com.br\/wp-content\/uploads\/2025\/04\/WhatsApp-Image-2025-04-06-at-12.36.43-3-2048x1152.jpeg 2048w, https:\/\/camaraitaliana.com.br\/wp-content\/uploads\/2025\/04\/WhatsApp-Image-2025-04-06-at-12.36.43-3-1500x844.jpeg 1500w, https:\/\/camaraitaliana.com.br\/wp-content\/uploads\/2025\/04\/WhatsApp-Image-2025-04-06-at-12.36.43-3-705x397.jpeg 705w\" data-sizes=\"(max-width: 1030px) 100vw, 1030px\" data-rel='gallery-1' data-prev-img='https:\/\/camaraitaliana.com.br\/wp-content\/uploads\/2025\/04\/WhatsApp-Image-2025-04-06-at-12.36.43-3-495x400.jpeg' class='lightbox ' data-onclick='3' title='WhatsApp Image 2025-04-06 at 12.36.43 (3)'  itemprop=\"thumbnailUrl\"  ><img decoding=\"async\" fetchpriority=\"high\" class=\"wp-image-2515 avia-img-lazy-loading-not-2515\"   src=\"https:\/\/camaraitaliana.com.br\/wp-content\/uploads\/2025\/04\/WhatsApp-Image-2025-04-06-at-12.36.43-3-495x400.jpeg\" width=\"495\" height=\"400\"  title='WhatsApp Image 2025-04-06 at 12.36.43 (3)' alt='' srcset=\"https:\/\/camaraitaliana.com.br\/wp-content\/uploads\/2025\/04\/WhatsApp-Image-2025-04-06-at-12.36.43-3-495x400.jpeg 495w, https:\/\/camaraitaliana.com.br\/wp-content\/uploads\/2025\/04\/WhatsApp-Image-2025-04-06-at-12.36.43-3-845x684.jpeg 845w\" sizes=\"(max-width: 495px) 100vw, 495px\" \/><div class='big-prev-fake'><img decoding=\"async\" loading=\"lazy\" class=\"wp-image-2515 avia-img-lazy-loading-2515\"  width=\"495\" height=\"400\" src=\"https:\/\/camaraitaliana.com.br\/wp-content\/uploads\/2025\/04\/WhatsApp-Image-2025-04-06-at-12.36.43-3-495x400.jpeg\" title='WhatsApp Image 2025-04-06 at 12.36.43 (3)' alt='' srcset=\"https:\/\/camaraitaliana.com.br\/wp-content\/uploads\/2025\/04\/WhatsApp-Image-2025-04-06-at-12.36.43-3-495x400.jpeg 495w, https:\/\/camaraitaliana.com.br\/wp-content\/uploads\/2025\/04\/WhatsApp-Image-2025-04-06-at-12.36.43-3-845x684.jpeg 845w\" sizes=\"auto, (max-width: 495px) 100vw, 495px\" \/><\/div><\/a><a href=\"https:\/\/camaraitaliana.com.br\/wp-content\/uploads\/2025\/04\/WhatsApp-Image-2025-04-06-at-12.36.44-579x1030.jpeg\" data-srcset=\"https:\/\/camaraitaliana.com.br\/wp-content\/uploads\/2025\/04\/WhatsApp-Image-2025-04-06-at-12.36.44-579x1030.jpeg 579w, https:\/\/camaraitaliana.com.br\/wp-content\/uploads\/2025\/04\/WhatsApp-Image-2025-04-06-at-12.36.44-169x300.jpeg 169w, https:\/\/camaraitaliana.com.br\/wp-content\/uploads\/2025\/04\/WhatsApp-Image-2025-04-06-at-12.36.44-768x1365.jpeg 768w, https:\/\/camaraitaliana.com.br\/wp-content\/uploads\/2025\/04\/WhatsApp-Image-2025-04-06-at-12.36.44-864x1536.jpeg 864w, https:\/\/camaraitaliana.com.br\/wp-content\/uploads\/2025\/04\/WhatsApp-Image-2025-04-06-at-12.36.44-1152x2048.jpeg 1152w, https:\/\/camaraitaliana.com.br\/wp-content\/uploads\/2025\/04\/WhatsApp-Image-2025-04-06-at-12.36.44-844x1500.jpeg 844w, https:\/\/camaraitaliana.com.br\/wp-content\/uploads\/2025\/04\/WhatsApp-Image-2025-04-06-at-12.36.44-397x705.jpeg 397w, https:\/\/camaraitaliana.com.br\/wp-content\/uploads\/2025\/04\/WhatsApp-Image-2025-04-06-at-12.36.44-scaled.jpeg 1440w\" data-sizes=\"(max-width: 579px) 100vw, 579px\" data-rel='gallery-1' data-prev-img='https:\/\/camaraitaliana.com.br\/wp-content\/uploads\/2025\/04\/WhatsApp-Image-2025-04-06-at-12.36.44-495x400.jpeg' class='lightbox ' data-onclick='4' title='WhatsApp Image 2025-04-06 at 12.36.44'  itemprop=\"thumbnailUrl\"  ><img decoding=\"async\" fetchpriority=\"high\" class=\"wp-image-2513 avia-img-lazy-loading-not-2513\"   src=\"https:\/\/camaraitaliana.com.br\/wp-content\/uploads\/2025\/04\/WhatsApp-Image-2025-04-06-at-12.36.44-495x400.jpeg\" width=\"495\" height=\"400\"  title='WhatsApp Image 2025-04-06 at 12.36.44' alt='' srcset=\"https:\/\/camaraitaliana.com.br\/wp-content\/uploads\/2025\/04\/WhatsApp-Image-2025-04-06-at-12.36.44-495x400.jpeg 495w, https:\/\/camaraitaliana.com.br\/wp-content\/uploads\/2025\/04\/WhatsApp-Image-2025-04-06-at-12.36.44-845x684.jpeg 845w\" sizes=\"(max-width: 495px) 100vw, 495px\" \/><div class='big-prev-fake'><img decoding=\"async\" loading=\"lazy\" class=\"wp-image-2513 avia-img-lazy-loading-2513\"  width=\"495\" height=\"400\" src=\"https:\/\/camaraitaliana.com.br\/wp-content\/uploads\/2025\/04\/WhatsApp-Image-2025-04-06-at-12.36.44-495x400.jpeg\" title='WhatsApp Image 2025-04-06 at 12.36.44' alt='' srcset=\"https:\/\/camaraitaliana.com.br\/wp-content\/uploads\/2025\/04\/WhatsApp-Image-2025-04-06-at-12.36.44-495x400.jpeg 495w, https:\/\/camaraitaliana.com.br\/wp-content\/uploads\/2025\/04\/WhatsApp-Image-2025-04-06-at-12.36.44-845x684.jpeg 845w\" sizes=\"auto, (max-width: 495px) 100vw, 495px\" \/><\/div><\/a><a href=\"https:\/\/camaraitaliana.com.br\/wp-content\/uploads\/2025\/04\/WhatsApp-Image-2025-04-06-at-12.38.09-773x1030.jpeg\" data-srcset=\"https:\/\/camaraitaliana.com.br\/wp-content\/uploads\/2025\/04\/WhatsApp-Image-2025-04-06-at-12.38.09-773x1030.jpeg 773w, https:\/\/camaraitaliana.com.br\/wp-content\/uploads\/2025\/04\/WhatsApp-Image-2025-04-06-at-12.38.09-225x300.jpeg 225w, https:\/\/camaraitaliana.com.br\/wp-content\/uploads\/2025\/04\/WhatsApp-Image-2025-04-06-at-12.38.09-768x1024.jpeg 768w, https:\/\/camaraitaliana.com.br\/wp-content\/uploads\/2025\/04\/WhatsApp-Image-2025-04-06-at-12.38.09-529x705.jpeg 529w, https:\/\/camaraitaliana.com.br\/wp-content\/uploads\/2025\/04\/WhatsApp-Image-2025-04-06-at-12.38.09.jpeg 960w\" data-sizes=\"(max-width: 773px) 100vw, 773px\" data-rel='gallery-1' data-prev-img='https:\/\/camaraitaliana.com.br\/wp-content\/uploads\/2025\/04\/WhatsApp-Image-2025-04-06-at-12.38.09-495x400.jpeg' class='lightbox ' data-onclick='5' title='WhatsApp Image 2025-04-06 at 12.38.09'  itemprop=\"thumbnailUrl\"  ><img decoding=\"async\" fetchpriority=\"high\" class=\"wp-image-2511 avia-img-lazy-loading-not-2511\"   src=\"https:\/\/camaraitaliana.com.br\/wp-content\/uploads\/2025\/04\/WhatsApp-Image-2025-04-06-at-12.38.09-495x400.jpeg\" width=\"495\" height=\"400\"  title='WhatsApp Image 2025-04-06 at 12.38.09' alt='' srcset=\"https:\/\/camaraitaliana.com.br\/wp-content\/uploads\/2025\/04\/WhatsApp-Image-2025-04-06-at-12.38.09-495x400.jpeg 495w, https:\/\/camaraitaliana.com.br\/wp-content\/uploads\/2025\/04\/WhatsApp-Image-2025-04-06-at-12.38.09-845x684.jpeg 845w\" sizes=\"(max-width: 495px) 100vw, 495px\" \/><div class='big-prev-fake'><img decoding=\"async\" loading=\"lazy\" class=\"wp-image-2511 avia-img-lazy-loading-2511\"  width=\"495\" height=\"400\" src=\"https:\/\/camaraitaliana.com.br\/wp-content\/uploads\/2025\/04\/WhatsApp-Image-2025-04-06-at-12.38.09-495x400.jpeg\" title='WhatsApp Image 2025-04-06 at 12.38.09' alt='' srcset=\"https:\/\/camaraitaliana.com.br\/wp-content\/uploads\/2025\/04\/WhatsApp-Image-2025-04-06-at-12.38.09-495x400.jpeg 495w, https:\/\/camaraitaliana.com.br\/wp-content\/uploads\/2025\/04\/WhatsApp-Image-2025-04-06-at-12.38.09-845x684.jpeg 845w\" sizes=\"auto, (max-width: 495px) 100vw, 495px\" \/><\/div><\/a><a href=\"https:\/\/camaraitaliana.com.br\/wp-content\/uploads\/2025\/04\/WhatsApp-Image-2025-04-06-at-12.38.09-1-773x1030.jpeg\" data-srcset=\"https:\/\/camaraitaliana.com.br\/wp-content\/uploads\/2025\/04\/WhatsApp-Image-2025-04-06-at-12.38.09-1-773x1030.jpeg 773w, https:\/\/camaraitaliana.com.br\/wp-content\/uploads\/2025\/04\/WhatsApp-Image-2025-04-06-at-12.38.09-1-225x300.jpeg 225w, https:\/\/camaraitaliana.com.br\/wp-content\/uploads\/2025\/04\/WhatsApp-Image-2025-04-06-at-12.38.09-1-768x1024.jpeg 768w, https:\/\/camaraitaliana.com.br\/wp-content\/uploads\/2025\/04\/WhatsApp-Image-2025-04-06-at-12.38.09-1-529x705.jpeg 529w, https:\/\/camaraitaliana.com.br\/wp-content\/uploads\/2025\/04\/WhatsApp-Image-2025-04-06-at-12.38.09-1.jpeg 960w\" data-sizes=\"(max-width: 773px) 100vw, 773px\" data-rel='gallery-1' data-prev-img='https:\/\/camaraitaliana.com.br\/wp-content\/uploads\/2025\/04\/WhatsApp-Image-2025-04-06-at-12.38.09-1-495x400.jpeg' class='first_thumb lightbox ' data-onclick='6' title='WhatsApp Image 2025-04-06 at 12.38.09 (1)'  itemprop=\"thumbnailUrl\"  ><img decoding=\"async\" fetchpriority=\"high\" class=\"wp-image-2509 avia-img-lazy-loading-not-2509\"   src=\"https:\/\/camaraitaliana.com.br\/wp-content\/uploads\/2025\/04\/WhatsApp-Image-2025-04-06-at-12.38.09-1-495x400.jpeg\" width=\"495\" height=\"400\"  title='WhatsApp Image 2025-04-06 at 12.38.09 (1)' alt='' srcset=\"https:\/\/camaraitaliana.com.br\/wp-content\/uploads\/2025\/04\/WhatsApp-Image-2025-04-06-at-12.38.09-1-495x400.jpeg 495w, https:\/\/camaraitaliana.com.br\/wp-content\/uploads\/2025\/04\/WhatsApp-Image-2025-04-06-at-12.38.09-1-845x684.jpeg 845w\" sizes=\"(max-width: 495px) 100vw, 495px\" \/><div class='big-prev-fake'><img decoding=\"async\" loading=\"lazy\" class=\"wp-image-2509 avia-img-lazy-loading-2509\"  width=\"495\" height=\"400\" src=\"https:\/\/camaraitaliana.com.br\/wp-content\/uploads\/2025\/04\/WhatsApp-Image-2025-04-06-at-12.38.09-1-495x400.jpeg\" title='WhatsApp Image 2025-04-06 at 12.38.09 (1)' alt='' srcset=\"https:\/\/camaraitaliana.com.br\/wp-content\/uploads\/2025\/04\/WhatsApp-Image-2025-04-06-at-12.38.09-1-495x400.jpeg 495w, https:\/\/camaraitaliana.com.br\/wp-content\/uploads\/2025\/04\/WhatsApp-Image-2025-04-06-at-12.38.09-1-845x684.jpeg 845w\" sizes=\"auto, (max-width: 495px) 100vw, 495px\" \/><\/div><\/a><\/div><\/div>\n<div  class='hr av-av_hr-91d7ccd583a503147498e120fee2ff9b hr-default  avia-builder-el-2  el_after_av_gallery  el_before_av_textblock '><span class='hr-inner '><span class=\"hr-inner-style\"><\/span><\/span><\/div>\n<section  class='av_textblock_section av-m98sv0by-69b4b6191c641a750c6a99987e8c734e '   itemscope=\"itemscope\" itemtype=\"https:\/\/schema.org\/BlogPosting\" itemprop=\"blogPost\" ><div class='avia_textblock'  itemprop=\"text\" ><p>La Camera Italo-Brasiliana di Commercio e Industria rende il suo pi\u00f9 profondo omaggio a Jean Guagni Dei Marcovaldi, che ci ha lasciato sabato 5 aprile 2025, all\u2019et\u00e0 di 99 anni. Con la sua scomparsa, il Brasile e l\u2019Italia perdono non solo uno dei pionieri dell\u2019industria del marmo e del granito, ma anche un uomo visionario, integro e appassionato del proprio lavoro.<\/p>\n<p>Nato il 4 luglio 1925 a Rapallo, in Italia, Jean portava nelle sue origini la forza dell\u2019unione tra culture \u2014 figlio di padre italiano e madre austriaca \u2014 e fin da giovane ha dimostrato un ammirevole spirito imprenditoriale. Arriv\u00f2 a Rio de Janeiro nel 1946 per lavorare con suo zio, Enrico Guarneri, nel settore delle pietre ornamentali, e da l\u00ec costru\u00ec un percorso che avrebbe segnato per sempre lo sviluppo industriale della Baixada Fluminense.<\/p>\n<p>La sua azienda, con sede a Belford Roxo, \u00e8 diventata una delle maggiori esportatrici brasiliane di marmi e graniti, riconosciuta a livello internazionale per la sua eccellenza e innovazione. Jean ha fatto della sua attivit\u00e0 una vera e propria missione e, pur risiedendo alla G\u00e1vea, ha mantenuto fino agli ultimi giorni una impressionante routine lavorativa, visitando l\u2019azienda tre volte a settimana \u2014 una testimonianza vivente della sua dedizione, energia e amore per la professione.<\/p>\n<p>Pi\u00f9 che un imprenditore straordinario, Jean Dei Marcovaldi \u00e8 stato uno dei fondatori della nostra Camera, credendo sin dall\u2019inizio nel potere trasformativo delle relazioni tra il Brasile e l\u2019Italia. Il suo lascito vive in ogni iniziativa che promuove la cooperazione tra i due Paesi, in ogni progetto che ricerca l\u2019eccellenza e in ogni nuova generazione di imprenditori che si ispira alla sua storia.<\/p>\n<p>Alla famiglia, estendiamo i nostri sentimenti di solidariet\u00e0 e rispetto, con la certezza che la memoria di Jean rimarr\u00e0 viva in tutti noi.<\/p>\n<p>Grazie di tutto, Jean.<br \/>\nLa tua visione, il tuo coraggio e la tua umanit\u00e0 continueranno a guidarci.<\/p>\n<\/div><\/section>\n","protected":false},"excerpt":{"rendered":"","protected":false},"author":1,"featured_media":2521,"comment_status":"closed","ping_status":"closed","sticky":false,"template":"","format":"standard","meta":{"_acf_changed":false,"inline_featured_image":false,"_joinchat":[],"footnotes":""},"categories":[1],"tags":[],"class_list":["post-2523","post","type-post","status-publish","format-standard","has-post-thumbnail","hentry","category-nao-categorizado"],"acf":[],"_links":{"self":[{"href":"https:\/\/camaraitaliana.com.br\/it\/wp-json\/wp\/v2\/posts\/2523","targetHints":{"allow":["GET"]}}],"collection":[{"href":"https:\/\/camaraitaliana.com.br\/it\/wp-json\/wp\/v2\/posts"}],"about":[{"href":"https:\/\/camaraitaliana.com.br\/it\/wp-json\/wp\/v2\/types\/post"}],"author":[{"embeddable":true,"href":"https:\/\/camaraitaliana.com.br\/it\/wp-json\/wp\/v2\/users\/1"}],"replies":[{"embeddable":true,"href":"https:\/\/camaraitaliana.com.br\/it\/wp-json\/wp\/v2\/comments?post=2523"}],"version-history":[{"count":2,"href":"https:\/\/camaraitaliana.com.br\/it\/wp-json\/wp\/v2\/posts\/2523\/revisions"}],"predecessor-version":[{"id":2525,"href":"https:\/\/camaraitaliana.com.br\/it\/wp-json\/wp\/v2\/posts\/2523\/revisions\/2525"}],"wp:featuredmedia":[{"embeddable":true,"href":"https:\/\/camaraitaliana.com.br\/it\/wp-json\/wp\/v2\/media\/2521"}],"wp:attachment":[{"href":"https:\/\/camaraitaliana.com.br\/it\/wp-json\/wp\/v2\/media?parent=2523"}],"wp:term":[{"taxonomy":"category","embeddable":true,"href":"https:\/\/camaraitaliana.com.br\/it\/wp-json\/wp\/v2\/categories?post=2523"},{"taxonomy":"post_tag","embeddable":true,"href":"https:\/\/camaraitaliana.com.br\/it\/wp-json\/wp\/v2\/tags?post=2523"}],"curies":[{"name":"wp","href":"https:\/\/api.w.org\/{rel}","templated":true}]}}