{"id":3369,"date":"2026-04-29T15:25:18","date_gmt":"2026-04-29T18:25:18","guid":{"rendered":"https:\/\/camaraitaliana.com.br\/?p=3369"},"modified":"2026-04-29T16:47:22","modified_gmt":"2026-04-29T19:47:22","slug":"italia-a-tavola-segna-linizio-di-una-nuova-fase-nelle-relazioni-economiche-tra-brasile-e-italia","status":"publish","type":"post","link":"https:\/\/camaraitaliana.com.br\/it\/italia-a-tavola-segna-linizio-di-una-nuova-fase-nelle-relazioni-economiche-tra-brasile-e-italia\/","title":{"rendered":"Italia a Tavola segna l\u2019inizio di una nuova fase nelle relazioni economiche tra Brasile e Italia"},"content":{"rendered":"<p data-start=\"254\" data-end=\"381\"><strong data-start=\"254\" data-end=\"381\">Panel a Rio collega l\u2019accordo UE\u2013Mercosur, il decreto presidenziale e l\u2019espansione del Made in Italy nel mercato brasiliano<\/strong><\/p>\n<p data-start=\"383\" data-end=\"750\">L\u2019avanzamento dell\u2019accordo commerciale tra Mercosur e Unione Europea ha segnato una tappa decisiva marted\u00ec 28 aprile, quando il presidente brasiliano Luiz In\u00e1cio Lula da Silva ha firmato il decreto che promulga l\u2019intesa nel Paese, formalizzandone l\u2019incorporazione nell\u2019ordinamento giuridico nazionale e rendendone possibile l\u2019entrata in vigore a partire dal 1\u00b0 maggio.<\/p>\n<p data-start=\"752\" data-end=\"1037\">Si tratta di un passaggio fondamentale per l\u2019attuazione dell\u2019accordo, che consente l\u2019avvio della sua applicazione iniziale e apre la strada a una progressiva riduzione dei dazi, all\u2019espansione degli scambi commerciali e a un rafforzamento dell\u2019integrazione economica tra i due blocchi.<\/p>\n<p data-start=\"1039\" data-end=\"1365\">Nello stesso giorno, a Rio de Janeiro, il tema \u00e8 stato al centro del Panel Italia a Tavola, organizzato dalla <span class=\"hover:entity-accent entity-underline inline cursor-pointer align-baseline\"><span class=\"whitespace-normal\">Camera Italo-Brasiliana di Commercio e Industria<\/span><\/span> (CCIE di Rio de Janeiro), in collaborazione con il Polo ItaliaNoRio, riunendo autorit\u00e0, esperti e operatori del settore gastronomico in un momento di grande rilevanza strategica.<\/p>\n<p data-start=\"1367\" data-end=\"1678\">La coincidenza tra la firma del decreto e lo svolgimento dell\u2019evento ha conferito all\u2019incontro un carattere particolarmente attuale. Pi\u00f9 che discutere un accordo in prospettiva, il panel ha affrontato un dispositivo giuridico gi\u00e0 formalizzato e ormai prossimo a produrre effetti concreti sui mercati brasiliano e italiano.<\/p>\n<p data-start=\"1680\" data-end=\"1996\">L\u2019apertura \u00e8 stata affidata agli interventi istituzionali del Console Generale d\u2019Italia a Rio de Janeiro, Massimiliano Iacchini, e della Presidente della CCIE di Rio de Janeiro, Renata Novotny, che hanno inquadrato il momento in un contesto pi\u00f9 ampio di rafforzamento delle relazioni economiche tra Italia e Brasile.<\/p>\n<p data-start=\"1998\" data-end=\"2370\">Il panel \u00e8 stato moderato dal Presidente del CORE \u2013 Comitato per l\u2019Ospitalit\u00e0, la Ristorazione e l\u2019Enogastronomia, Renato Nobre, che ha guidato il dibattito ponendo al centro la connessione tra dimensione istituzionale e realt\u00e0 operativa del settore.<\/p>\n<p data-start=\"2372\" data-end=\"3083\">Nel primo blocco, dedicato alla visione istituzionale, economica e giuridica, sono intervenuti l\u2019Addetto Economico d\u2019Italia a Rio de Janeiro, Pietrino Cadoni, che ha illustrato la posizione ufficiale dell\u2019Italia sul Brasile in questa nuova fase; la Presidente della Camera e avvocato tributarista, Renata Novotny, che ha offerto una lettura concreta dell\u2019accordo e dei suoi impatti; il socio dello studio Dannemann Siemsen e specialista nella tutela dei marchi e delle denominazioni di origine, Filipe Fonteles; e l\u2019ex presidente e consigliere di Abrasel e proprietario del ristorante P\u00e1reo presso il Jockey Club di Rio de Janeiro, Roberto Maciel, che ha portato la prospettiva operativa del mercato brasiliano.<\/p>\n<p data-start=\"3085\" data-end=\"3887\">Il secondo blocco ha affrontato i temi di prodotto, mercato ed esecuzione, riunendo l\u2019ex presidente e attuale Direttore delle Relazioni Istituzionali dell\u2019Associazione Brasiliana dei Sommelier (ABS), Joseph Morgan; il Presidente della stessa associazione, Marcus Verol, con un focus sulla formazione del mercato e sulla cultura del consumo; il titolare della Pizzeria Bento, considerata la migliore di Rio de Janeiro e undicesima in America Latina secondo il ranking 50 Top Pizza Latin America, associata all\u2019Associazione Verace Pizza Napoletana, Pierluigi Russo, che ha evidenziato l\u2019importanza dell\u2019esecuzione ad alto livello con prodotto autentico; e il Vicepresidente del CORE, Ricardo Matos, che ha sottolineato il collegamento tra mercato, agenda internazionale e nuovi associati.<\/p>\n<p data-start=\"3889\" data-end=\"4271\">Nel corso delle discussioni \u00e8 emersa una valutazione condivisa: il decreto presidenziale non si limita a formalizzare l\u2019accordo, ma inaugura una nuova fase operativa. Con la sua entrata in vigore prende avvio l\u2019implementazione progressiva delle disposizioni commerciali, tra cui la riduzione graduale dei dazi e l\u2019ampliamento dell\u2019accesso ai prodotti europei nel mercato brasiliano.<\/p>\n<p data-start=\"4273\" data-end=\"4496\">Questo nuovo contesto \u00e8 destinato ad aumentare il livello di competizione e di esigenza nel settore, generando al contempo opportunit\u00e0 concrete per gli operatori in grado di adattarsi a un ambiente pi\u00f9 integrato e dinamico.<\/p>\n<p data-start=\"4498\" data-end=\"4932\">Parallelamente, il settore agroalimentare italiano continua a espandersi a livello globale, avendo superato i 72 miliardi di euro di esportazioni nel 2025, con il vino a svolgere un ruolo centrale. In Brasile, la base della domanda \u00e8 gi\u00e0 consolidata, in particolare nel comparto della ristorazione, che genera circa 1.000 miliardi di reais all\u2019anno, creando un contesto particolarmente favorevole all\u2019espansione dei prodotti italiani.<\/p>\n<p data-start=\"4934\" data-end=\"5236\">Il consenso emerso \u00e8 stato netto: il vantaggio competitivo non sar\u00e0 determinato dall\u2019accesso al prodotto, bens\u00ec dalla capacit\u00e0 di esecuzione. In un contesto di maggiore apertura, saranno l\u2019anticipazione strategica e la preparazione tecnica a definire chi sar\u00e0 in grado di creare valore nel nuovo ciclo.<\/p>\n<p data-start=\"5238\" data-end=\"5554\">In questo scenario, la CCIE di Rio de Janeiro ha ribadito il proprio ruolo di attore attivo nell\u2019organizzazione di questo processo, strutturando un\u2019agenda continuativa orientata alla connessione diretta con produttori italiani, alla formazione tecnica degli operatori e all\u2019organizzazione di missioni internazionali.<\/p>\n<p data-start=\"5556\" data-end=\"5881\" data-is-last-node=\"\" data-is-only-node=\"\">Pi\u00f9 che un evento isolato, Italia a Tavola si configura come il punto di partenza di una piattaforma permanente di relazione, conoscenza e opportunit\u00e0 tra Brasile e Italia. Il mercato ha gi\u00e0 iniziato a cambiare \u2014 e la differenza sar\u00e0 determinata dalla velocit\u00e0 con cui ciascun operatore sapr\u00e0 adattarsi a questa nuova realt\u00e0.<\/p>\n","protected":false},"excerpt":{"rendered":"<p>Panel a Rio collega l\u2019accordo UE\u2013Mercosur, il decreto presidenziale e l\u2019espansione del Made in Italy nel mercato brasiliano L\u2019avanzamento dell\u2019accordo commerciale tra Mercosur e Unione Europea ha segnato una tappa decisiva marted\u00ec 28 aprile, quando il presidente brasiliano Luiz In\u00e1cio Lula da Silva ha firmato il decreto che promulga l\u2019intesa nel Paese, formalizzandone l\u2019incorporazione nell\u2019ordinamento [&hellip;]<\/p>\n","protected":false},"author":1,"featured_media":3367,"comment_status":"closed","ping_status":"closed","sticky":false,"template":"","format":"standard","meta":{"_acf_changed":false,"inline_featured_image":false,"_joinchat":[],"footnotes":""},"categories":[128],"tags":[],"class_list":["post-3369","post","type-post","status-publish","format-standard","has-post-thumbnail","hentry","category-fiere-ed-eventi"],"acf":[],"_links":{"self":[{"href":"https:\/\/camaraitaliana.com.br\/it\/wp-json\/wp\/v2\/posts\/3369","targetHints":{"allow":["GET"]}}],"collection":[{"href":"https:\/\/camaraitaliana.com.br\/it\/wp-json\/wp\/v2\/posts"}],"about":[{"href":"https:\/\/camaraitaliana.com.br\/it\/wp-json\/wp\/v2\/types\/post"}],"author":[{"embeddable":true,"href":"https:\/\/camaraitaliana.com.br\/it\/wp-json\/wp\/v2\/users\/1"}],"replies":[{"embeddable":true,"href":"https:\/\/camaraitaliana.com.br\/it\/wp-json\/wp\/v2\/comments?post=3369"}],"version-history":[{"count":5,"href":"https:\/\/camaraitaliana.com.br\/it\/wp-json\/wp\/v2\/posts\/3369\/revisions"}],"predecessor-version":[{"id":3382,"href":"https:\/\/camaraitaliana.com.br\/it\/wp-json\/wp\/v2\/posts\/3369\/revisions\/3382"}],"wp:featuredmedia":[{"embeddable":true,"href":"https:\/\/camaraitaliana.com.br\/it\/wp-json\/wp\/v2\/media\/3367"}],"wp:attachment":[{"href":"https:\/\/camaraitaliana.com.br\/it\/wp-json\/wp\/v2\/media?parent=3369"}],"wp:term":[{"taxonomy":"category","embeddable":true,"href":"https:\/\/camaraitaliana.com.br\/it\/wp-json\/wp\/v2\/categories?post=3369"},{"taxonomy":"post_tag","embeddable":true,"href":"https:\/\/camaraitaliana.com.br\/it\/wp-json\/wp\/v2\/tags?post=3369"}],"curies":[{"name":"wp","href":"https:\/\/api.w.org\/{rel}","templated":true}]}}