{"id":3655,"date":"2026-08-31T16:49:31","date_gmt":"2026-08-31T19:49:31","guid":{"rendered":"https:\/\/camaraitaliana.com.br\/?p=3655"},"modified":"2026-08-31T17:46:29","modified_gmt":"2026-08-31T20:46:29","slug":"accordo-mercosur-unione-europea-le-camere-europee-di-rio-de-janeiro-discutono-opportunita-e-prospettive-per-il-settore-produttivo","status":"publish","type":"post","link":"https:\/\/camaraitaliana.com.br\/it\/accordo-mercosur-unione-europea-le-camere-europee-di-rio-de-janeiro-discutono-opportunita-e-prospettive-per-il-settore-produttivo\/","title":{"rendered":"Accordo Mercosur\u2013Unione Europea: le Camere Europee di Rio de Janeiro discutono opportunit\u00e0 e prospettive per il settore produttivo"},"content":{"rendered":"<h3><em>Le Camere di Commercio di Francia, Germania, Belgio, Paesi Bassi, Italia, Portogallo e Lussemburgo hanno discusso degli impatti sui settori dell\u2019energia, dei macchinari e dell\u2019agroalimentare<\/em><\/h3>\n<p>A circa quattro mesi dall\u2019entrata in vigore provvisoria dell\u2019Accordo Mercosur\u2013Unione Europea, dirigenti, esperti e rappresentanti delle Camere di Commercio europee si sono riuniti presso l\u2019Associazione Commerciale di Rio de Janeiro (ACRJ) per promuovere un confronto incentrato sugli aspetti strategici dell\u2019accordo, quali competitivit\u00e0, investimenti, integrazione delle filiere produttive, innovazione e opportunit\u00e0 di business.<\/p>\n<p>Negoziato per quasi 30 anni, l\u2019Accordo Mercosur\u2013UE coinvolge un mercato di 720 milioni di persone, con un PIL di circa 22,4 trilioni di dollari, e istituisce una delle pi\u00f9 grandi aree di libero scambio al mondo, oltre a rappresentare il pi\u00f9 importante accordo commerciale mai concluso dal Mercosur.<\/p>\n<p>\u00abQuesto incontro rappresenta un passo importante per trasformare le opportunit\u00e0 previste dal trattato in attivit\u00e0 commerciali, investimenti e partnership concrete. L\u2019unione delle Camere di Commercio europee di Rio de Janeiro rafforza l\u2019importanza di affrontare insieme questo tema in un momento strategico per le relazioni tra Mercosur e Unione Europea, avvicinando le imprese, condividendo conoscenze e contribuendo affinch\u00e9 i benefici di questa integrazione arrivino concretamente al settore produttivo\u00bb, afferma Jean-Michel Lang, presidente della CCIFB-RJ.<\/p>\n<p>Nel panel dedicato all\u2019energia, moderato da Creuza Coelho, della Camera Portoghese, e al quale hanno partecipato S\u00e9bastien Lahouste, di Fluxys, Marco Ristuccia, di FGV Europe, Adriano Pires, del CBIE e della Camera Portoghese, e Frederico Pereira, di Galp, \u00e8 emerso un consenso sul fatto che l\u2019accordo rappresenti un passo avanti nel rafforzamento dei rapporti tra i due continenti, favorendo una maggiore convergenza giuridica e normativa. Questo processo pu\u00f2 aumentare la certezza del diritto e creare un ambiente pi\u00f9 favorevole all\u2019ingresso di investimenti esteri in Brasile.<\/p>\n<p>Nel dibattito dedicato ai macchinari, si \u00e8 discusso di come l\u2019accordo possa trasformare la visione di un mercato incentrato sul prezzo, incentivando i clienti a ricercare qualit\u00e0 e maggiore durata delle attrezzature. Ci\u00f2 potrebbe rendere il mercato europeo un\u2019alternativa a quello asiatico, che, a seconda del prodotto, riesce a offrire prezzi fino al 30% inferiori. Secondo Pedro Becker, di Jungheinrich, l\u2019accordo viene gi\u00e0 utilizzato nelle strategie di negoziazione dei contratti e potrebbe favorire l\u2019accesso ad apparecchiature tecnologicamente pi\u00f9 avanzate. Il panel \u00e8 stato inoltre moderato da Victor Rocha, di AHK Rio, e ha visto la partecipazione di Tiago Moura, di FESTO, e Jens H\u00fcren, di Everllence.<\/p>\n<p>Nel confronto dedicato all\u2019agroalimentare, si \u00e8 discusso del fatto che l\u2019accordo rappresenti qualcosa di pi\u00f9 di un semplice trattato commerciale e rafforzi la necessit\u00e0 di aumentare la produttivit\u00e0 del settore. Durante il panel \u00e8 stato inoltre affrontato il tema del confronto tra i livelli di produzione e di efficienza del Brasile e quelli dei Paesi sviluppati. La logistica, tuttavia, non \u00e8 ancora all\u2019altezza di questi standard, facendo aumentare il costo delle merci. In questo contesto, l\u2019accordo pu\u00f2 rappresentare un elemento di facilitazione per lo sviluppo di nuove opportunit\u00e0 di business.<\/p>\n<p>Sono stati inoltre discussi gli adempimenti relativi alle esportazioni verso l\u2019Unione Europea e i meccanismi utilizzati per aumentare la competitivit\u00e0 dei prodotti europei rispetto a quelli provenienti da altri Paesi, nonch\u00e9 le opportunit\u00e0 che l\u2019accordo offre in questo scenario.<\/p>\n<p>Al panel hanno partecipato il Prof. Marcio Fortes, in qualit\u00e0 di moderatore, Antonio Alvarenga, della Sociedade Nacional de Agricultura, e Guilherme Falc\u00e3o, di Cr\u00e9dit Agricole, associato alla CCIFB-RJ.<\/p>\n","protected":false},"excerpt":{"rendered":"<p>Le Camere di Commercio di Francia, Germania, Belgio, Paesi Bassi, Italia, Portogallo e Lussemburgo hanno discusso degli impatti sui settori dell\u2019energia, dei macchinari e dell\u2019agroalimentare A circa quattro mesi dall\u2019entrata in vigore provvisoria dell\u2019Accordo Mercosur\u2013Unione Europea, dirigenti, esperti e rappresentanti delle Camere di Commercio europee si sono riuniti presso l\u2019Associazione Commerciale di Rio de Janeiro [&hellip;]<\/p>\n","protected":false},"author":1,"featured_media":3644,"comment_status":"closed","ping_status":"closed","sticky":false,"template":"","format":"standard","meta":{"_acf_changed":false,"inline_featured_image":false,"_joinchat":[],"footnotes":""},"categories":[169],"tags":[],"class_list":["post-3655","post","type-post","status-publish","format-standard","has-post-thumbnail","hentry","category-articoli"],"acf":[],"_links":{"self":[{"href":"https:\/\/camaraitaliana.com.br\/it\/wp-json\/wp\/v2\/posts\/3655","targetHints":{"allow":["GET"]}}],"collection":[{"href":"https:\/\/camaraitaliana.com.br\/it\/wp-json\/wp\/v2\/posts"}],"about":[{"href":"https:\/\/camaraitaliana.com.br\/it\/wp-json\/wp\/v2\/types\/post"}],"author":[{"embeddable":true,"href":"https:\/\/camaraitaliana.com.br\/it\/wp-json\/wp\/v2\/users\/1"}],"replies":[{"embeddable":true,"href":"https:\/\/camaraitaliana.com.br\/it\/wp-json\/wp\/v2\/comments?post=3655"}],"version-history":[{"count":1,"href":"https:\/\/camaraitaliana.com.br\/it\/wp-json\/wp\/v2\/posts\/3655\/revisions"}],"predecessor-version":[{"id":3656,"href":"https:\/\/camaraitaliana.com.br\/it\/wp-json\/wp\/v2\/posts\/3655\/revisions\/3656"}],"wp:featuredmedia":[{"embeddable":true,"href":"https:\/\/camaraitaliana.com.br\/it\/wp-json\/wp\/v2\/media\/3644"}],"wp:attachment":[{"href":"https:\/\/camaraitaliana.com.br\/it\/wp-json\/wp\/v2\/media?parent=3655"}],"wp:term":[{"taxonomy":"category","embeddable":true,"href":"https:\/\/camaraitaliana.com.br\/it\/wp-json\/wp\/v2\/categories?post=3655"},{"taxonomy":"post_tag","embeddable":true,"href":"https:\/\/camaraitaliana.com.br\/it\/wp-json\/wp\/v2\/tags?post=3655"}],"curies":[{"name":"wp","href":"https:\/\/api.w.org\/{rel}","templated":true}]}}